{"id":4063,"date":"2015-06-30T14:08:21","date_gmt":"2015-06-30T12:08:21","guid":{"rendered":"http:\/\/www.mensajedepublicidad.com\/blog\/?p=4063"},"modified":"2015-07-01T13:25:10","modified_gmt":"2015-07-01T11:25:10","slug":"murales-en-la-cerveceria-san-andres","status":"publish","type":"post","link":"https:\/\/mensajedepublicidad.com\/blog\/murales-en-la-cerveceria-san-andres\/","title":{"rendered":"Murales en la Cervecer\u00eda San Andr\u00e9s"},"content":{"rendered":"<p>Esta es\u00a0una peque\u00f1a muestra de nuestro \u00faltimo trabajo como colaboradores de las artistas pl\u00e1sticas <a href=\"http:\/\/chapatteleyva.com\" target=\"_blank\">Chapatte y Leyva<\/a>.<\/p>\n<p>Se trata de un gran mural collage para el interior de la Cervecer\u00eda San Andr\u00e9s, situada en la plaza del mismo nombre de Madrid.<\/p>\n<p>Si pod\u00e9is, no dej\u00e9is de pasaros por ah\u00ed a tomar algunas cervecitas; adem\u00e1s de los fant\u00e1sticos murales realizados mediante\u00a0una t\u00e9cnica \u00fanica en el mundo, podr\u00e9is disfrutar de una terraza en una ubicaci\u00f3n inmejorable, frente a la Iglesia de San Andr\u00e9s.<\/p>\n<p><a href=\"http:\/\/www.mensajedepublicidad.com\/blog\/murales-en-la-cerveceria-san-andres\/img_0832\/\" rel=\"attachment wp-att-4064\"><img loading=\"lazy\" decoding=\"async\" class=\"alignnone  wp-image-4064\" src=\"http:\/\/www.mensajedepublicidad.com\/blog\/wp-content\/uploads\/IMG_0832-764x1024.jpg\" alt=\"Mural San Andr\u00e9s - Cervecer\u00eda San Andr\u00e9s - Madrid\" width=\"454\" height=\"609\" srcset=\"https:\/\/mensajedepublicidad.com\/blog\/wp-content\/uploads\/IMG_0832-764x1024.jpg 764w, https:\/\/mensajedepublicidad.com\/blog\/wp-content\/uploads\/IMG_0832-149x200.jpg 149w, https:\/\/mensajedepublicidad.com\/blog\/wp-content\/uploads\/IMG_0832-900x1206.jpg 900w, https:\/\/mensajedepublicidad.com\/blog\/wp-content\/uploads\/IMG_0832.jpg 1280w\" sizes=\"auto, (max-width: 454px) 100vw, 454px\" \/><\/a><\/p>\n<p><a href=\"http:\/\/www.mensajedepublicidad.com\/blog\/murales-en-la-cerveceria-san-andres\/img_0824_2\/\" rel=\"attachment wp-att-4065\"><img loading=\"lazy\" decoding=\"async\" class=\"alignnone  wp-image-4065\" src=\"http:\/\/www.mensajedepublicidad.com\/blog\/wp-content\/uploads\/IMG_0824_2-764x1024.jpg\" alt=\"Mural San Andr\u00e9s - Cervecer\u00eda San Andr\u00e9s - Madrid\" width=\"453\" height=\"607\" srcset=\"https:\/\/mensajedepublicidad.com\/blog\/wp-content\/uploads\/IMG_0824_2-764x1024.jpg 764w, https:\/\/mensajedepublicidad.com\/blog\/wp-content\/uploads\/IMG_0824_2-149x200.jpg 149w, https:\/\/mensajedepublicidad.com\/blog\/wp-content\/uploads\/IMG_0824_2-900x1206.jpg 900w, https:\/\/mensajedepublicidad.com\/blog\/wp-content\/uploads\/IMG_0824_2.jpg 1280w\" sizes=\"auto, (max-width: 453px) 100vw, 453px\" \/><\/a><\/p>\n","protected":false},"excerpt":{"rendered":"<p>Esta es\u00a0una peque\u00f1a muestra de nuestro \u00faltimo trabajo como colaboradores de las artistas pl\u00e1sticas Chapatte y Leyva. Se trata de un gran mural collage para el interior de la Cervecer\u00eda San Andr\u00e9s, situada en la plaza del mismo nombre de Madrid. Si pod\u00e9is, no dej\u00e9is de pasaros por ah\u00ed a tomar algunas cervecitas; adem\u00e1s de [&hellip;]<\/p>\n","protected":false},"author":448,"featured_media":4065,"comment_status":"open","ping_status":"closed","sticky":false,"template":"","format":"standard","meta":{"footnotes":""},"categories":[41,24,39],"tags":[90,229,96,230,228],"class_list":["post-4063","post","type-post","status-publish","format-standard","hentry","category-arte","category-case-studies","category-decoracion","tag-arte-2","tag-chapatte-y-leyva","tag-decoracion-2","tag-interiorismo","tag-murales"],"_links":{"self":[{"href":"https:\/\/mensajedepublicidad.com\/blog\/wp-json\/wp\/v2\/posts\/4063","targetHints":{"allow":["GET"]}}],"collection":[{"href":"https:\/\/mensajedepublicidad.com\/blog\/wp-json\/wp\/v2\/posts"}],"about":[{"href":"https:\/\/mensajedepublicidad.com\/blog\/wp-json\/wp\/v2\/types\/post"}],"author":[{"embeddable":true,"href":"https:\/\/mensajedepublicidad.com\/blog\/wp-json\/wp\/v2\/users\/448"}],"replies":[{"embeddable":true,"href":"https:\/\/mensajedepublicidad.com\/blog\/wp-json\/wp\/v2\/comments?post=4063"}],"version-history":[{"count":8,"href":"https:\/\/mensajedepublicidad.com\/blog\/wp-json\/wp\/v2\/posts\/4063\/revisions"}],"predecessor-version":[{"id":4073,"href":"https:\/\/mensajedepublicidad.com\/blog\/wp-json\/wp\/v2\/posts\/4063\/revisions\/4073"}],"wp:featuredmedia":[{"embeddable":true,"href":"https:\/\/mensajedepublicidad.com\/blog\/wp-json\/wp\/v2\/media\/4065"}],"wp:attachment":[{"href":"https:\/\/mensajedepublicidad.com\/blog\/wp-json\/wp\/v2\/media?parent=4063"}],"wp:term":[{"taxonomy":"category","embeddable":true,"href":"https:\/\/mensajedepublicidad.com\/blog\/wp-json\/wp\/v2\/categories?post=4063"},{"taxonomy":"post_tag","embeddable":true,"href":"https:\/\/mensajedepublicidad.com\/blog\/wp-json\/wp\/v2\/tags?post=4063"}],"curies":[{"name":"wp","href":"https:\/\/api.w.org\/{rel}","templated":true}]}}